{"id":42668,"date":"2024-10-03T11:43:54","date_gmt":"2024-10-03T09:43:54","guid":{"rendered":"https:\/\/www.balliuexport.com\/noves-tendencies-en-mobiliari-comercial-per-a-exterior\/"},"modified":"2026-04-28T15:28:10","modified_gmt":"2026-04-28T13:28:10","slug":"noves-tendencies-en-mobiliari-comercial-per-a-exterior","status":"publish","type":"post","link":"https:\/\/www.balliuexport.com\/ca\/noves-tendencies-en-mobiliari-comercial-per-a-exterior\/","title":{"rendered":"Noves tend\u00e8ncies en mobiliari comercial per a exterior"},"content":{"rendered":"\t\t<div data-elementor-type=\"wp-post\" data-elementor-id=\"42668\" class=\"elementor elementor-42668 elementor-42641\" data-elementor-post-type=\"post\">\n\t\t\t\t<div class=\"elementor-element elementor-element-74ac8c6 e-flex e-con-boxed kitify-col-width-auto-no ignore-docs-style-no kitify-disable-relative-no e-root-container elementor-top-section e-con e-parent\" data-id=\"74ac8c6\" data-element_type=\"container\">\n\t\t\t\t\t<div class=\"e-con-inner\">\n\t\t\t\t<div class=\"elementor-element elementor-element-61ee547 elementor-widget elementor-widget-text-editor\" data-id=\"61ee547\" data-element_type=\"widget\" data-widget_type=\"text-editor.default\">\n\t\t\t\t<div class=\"elementor-widget-container\">\n\t\t\t\t\t\t\t<h2 style=\"text-align: center;\"><span style=\"color: #006eb7;\"><strong>Tend\u00e8ncies en personalitzaci\u00f3<\/strong><\/span><\/h2><p style=\"text-align: left;\"><span style=\"color: #000000;\"><span style=\"color: #7a7a7a;\">Les<\/span> <span style=\"color: #006eb7;\">tend\u00e8ncies en mobiliari comercial exterior<\/span> <span style=\"color: #7a7a7a;\">reflecteixen la creixent import\u00e0ncia de la personalitzaci\u00f3. Avui dia, els negocis busquen que el seu mobiliari exterior no nom\u00e9s sigui funcional, sin\u00f3 que tamb\u00e9 en reforci la identitat de marca. En aquest sentit, Balliu s&#8217;adapta oferint solucions que permeten personalitzar certs elements del mobiliari, com ara colors, acabats i la inclusi\u00f3 del logo del client, creant espais que s&#8217;alineen amb l&#8217;est\u00e8tica i el missatge de cada negoci. Aquesta flexibilitat ajuda a crear entorns \u00fanics i coherents amb la imatge corporativa de cada espai comercial.   <\/span><\/span><\/p>\t\t\t\t\t\t<\/div>\n\t\t\t\t<\/div>\n\t\t\t\t<div class=\"elementor-element elementor-element-201f814 elementor-widget elementor-widget-image\" data-id=\"201f814\" data-element_type=\"widget\" data-widget_type=\"image.default\">\n\t\t\t\t<div class=\"elementor-widget-container\">\n\t\t\t\t\t\t\t\t\t\t<figure class=\"wp-caption\">\n\t\t\t\t\t\t\t\t\t\t<img loading=\"lazy\" decoding=\"async\" width=\"1024\" height=\"683\" src=\"https:\/\/www.balliuexport.com\/wp-content\/uploads\/2023\/11\/balliu-maspalomas-canarias-logo-scaled-2-1024x683.jpg\" class=\"attachment-large size-large wp-image-6810\" alt=\"\" srcset=\"https:\/\/www.balliuexport.com\/wp-content\/uploads\/2023\/11\/balliu-maspalomas-canarias-logo-scaled-2-1024x683.jpg 1024w, https:\/\/www.balliuexport.com\/wp-content\/uploads\/2023\/11\/balliu-maspalomas-canarias-logo-scaled-2-400x267.jpg 400w, https:\/\/www.balliuexport.com\/wp-content\/uploads\/2023\/11\/balliu-maspalomas-canarias-logo-scaled-2-1000x667.jpg 1000w, https:\/\/www.balliuexport.com\/wp-content\/uploads\/2023\/11\/balliu-maspalomas-canarias-logo-scaled-2-300x200.jpg 300w, https:\/\/www.balliuexport.com\/wp-content\/uploads\/2023\/11\/balliu-maspalomas-canarias-logo-scaled-2-768x512.jpg 768w, https:\/\/www.balliuexport.com\/wp-content\/uploads\/2023\/11\/balliu-maspalomas-canarias-logo-scaled-2-1536x1024.jpg 1536w, https:\/\/www.balliuexport.com\/wp-content\/uploads\/2023\/11\/balliu-maspalomas-canarias-logo-scaled-2-2048x1366.jpg 2048w\" sizes=\"auto, (max-width: 1024px) 100vw, 1024px\" \/>\t\t\t\t\t\t\t\t\t\t\t<figcaption class=\"widget-image-caption wp-caption-text\">Gandula Eva Pro amb logo personalitzat <\/figcaption>\n\t\t\t\t\t\t\t\t\t\t<\/figure>\n\t\t\t\t\t\t\t<\/div>\n\t\t\t\t<\/div>\n\t\t\t\t\t<\/div>\n\t\t\t\t<\/div>\n\t\t<div class=\"elementor-element elementor-element-7363445 e-flex e-con-boxed kitify-col-width-auto-no ignore-docs-style-no kitify-disable-relative-no e-root-container elementor-top-section e-con e-parent\" data-id=\"7363445\" data-element_type=\"container\">\n\t\t\t\t\t<div class=\"e-con-inner\">\n\t\t\t\t<div class=\"elementor-element elementor-element-eafc5d5 elementor-widget elementor-widget-text-editor\" data-id=\"eafc5d5\" data-element_type=\"widget\" data-widget_type=\"text-editor.default\">\n\t\t\t\t<div class=\"elementor-widget-container\">\n\t\t\t\t\t\t\t<h2 style=\"text-align: center;\"><span style=\"color: #006eb7;\"><strong>Tend\u00e8ncies en materials sostenibles<\/strong><\/span><\/h2><p><span style=\"color: #000000;\"><span style=\"color: #7a7a7a;\">L&#8217;\u00fas de materials sostenibles s&#8217;ha convertit en una prioritat a la ind\u00fastria del mobiliari comercial d&#8217;exterior. Els materials com la <\/span> <span style=\"color: #006eb7;\">resina de polipropil\u00e8 100% reciclable<\/span> <span style=\"color: #7a7a7a;\">,<\/span> <span style=\"color: #7a7a7a;\">el<\/span> <span style=\"color: #006eb7;\">v\u00edmet sint\u00e8tic<\/span> <span style=\"color: #7a7a7a;\">i la<\/span> <span style=\"color: #006eb7;\">teca certificada<\/span> <span style=\"color: #7a7a7a;\">permeten reduir l&#8217;impacte ambiental sense sacrificar qualitat o durabilitat.<\/span> <span style=\"color: #006eb7;\">Balliu <span style=\"color: #7a7a7a;\">,<\/span><\/span> <span style=\"color: #7a7a7a;\">comprom\u00e8s amb la sostenibilitat, incorpora aquests materials als seus dissenys, garantint productes que resisteixen el desgast d&#8217;entorns exteriors i s\u00f3n respectuosos amb el medi ambient, cosa que molts clients valoren en seleccionar mobiliari per als seus negocis.<\/span><\/span><\/p><h2 style=\"text-align: center;\"><span style=\"color: #006eb7;\"><strong>Tend\u00e8ncies en multifuncionalitat<\/strong><\/span><\/h2><p><span style=\"color: #7a7a7a;\">La multifuncionalitat \u00e9s clau per optimitzar els espais comercials. En llocs on l&#8217;\u00e0rea disponible \u00e9s limitada, el mobiliari que compleix diverses funcions \u00e9s molt valorat. Balliu dissenya mobiliari que es pot adaptar a diferents configuracions, amb peces que s\u00f3n f\u00e0cils de moure, apilar o transformar segons les necessitats de l&#8217;espai. Aquesta flexibilitat no nom\u00e9s maximitza la funcionalitat de l&#8217;\u00e0rea, sin\u00f3 que tamb\u00e9 permet als establiments crear ambients vers\u00e0tils que poden canviar de manera r\u00e0pida i eficient.   <\/span><\/p>\t\t\t\t\t\t<\/div>\n\t\t\t\t<\/div>\n\t\t\t\t<div class=\"elementor-element elementor-element-6175f74 elementor-widget elementor-widget-image\" data-id=\"6175f74\" data-element_type=\"widget\" data-widget_type=\"image.default\">\n\t\t\t\t<div class=\"elementor-widget-container\">\n\t\t\t\t\t\t\t\t\t\t\t\t\t<img loading=\"lazy\" decoding=\"async\" width=\"1200\" height=\"800\" src=\"https:\/\/www.balliuexport.com\/wp-content\/uploads\/2023\/12\/close-up-of-male-hand-holding-plastic-polymer-granules-1200x800.jpg\" class=\"attachment-large size-large wp-image-56701\" alt=\"\" srcset=\"https:\/\/www.balliuexport.com\/wp-content\/uploads\/2023\/12\/close-up-of-male-hand-holding-plastic-polymer-granules-1200x800.jpg 1200w, https:\/\/www.balliuexport.com\/wp-content\/uploads\/2023\/12\/close-up-of-male-hand-holding-plastic-polymer-granules-400x267.jpg 400w, https:\/\/www.balliuexport.com\/wp-content\/uploads\/2023\/12\/close-up-of-male-hand-holding-plastic-polymer-granules-600x400.jpg 600w, https:\/\/www.balliuexport.com\/wp-content\/uploads\/2023\/12\/close-up-of-male-hand-holding-plastic-polymer-granules-768x512.jpg 768w, https:\/\/www.balliuexport.com\/wp-content\/uploads\/2023\/12\/close-up-of-male-hand-holding-plastic-polymer-granules-1536x1024.jpg 1536w, https:\/\/www.balliuexport.com\/wp-content\/uploads\/2023\/12\/close-up-of-male-hand-holding-plastic-polymer-granules-80x53.jpg 80w, https:\/\/www.balliuexport.com\/wp-content\/uploads\/2023\/12\/close-up-of-male-hand-holding-plastic-polymer-granules.jpg 2000w\" sizes=\"auto, (max-width: 1200px) 100vw, 1200px\" \/>\t\t\t\t\t\t\t\t\t\t\t\t\t<\/div>\n\t\t\t\t<\/div>\n\t\t\t\t<div class=\"elementor-element elementor-element-d2571e0 elementor-widget elementor-widget-spacer\" data-id=\"d2571e0\" data-element_type=\"widget\" data-widget_type=\"spacer.default\">\n\t\t\t\t<div class=\"elementor-widget-container\">\n\t\t\t\t\t<div class=\"elementor-spacer\">\n\t\t\t<div class=\"elementor-spacer-inner\"><\/div>\n\t\t<\/div>\n\t\t\t\t<\/div>\n\t\t\t\t<\/div>\n\t\t\t\t<div class=\"elementor-element elementor-element-ffd2c6d elementor-widget elementor-widget-text-editor\" data-id=\"ffd2c6d\" data-element_type=\"widget\" data-widget_type=\"text-editor.default\">\n\t\t\t\t<div class=\"elementor-widget-container\">\n\t\t\t\t\t\t\t<h2 style=\"text-align: center;\"><span style=\"color: #006eb7;\"><strong>Tend\u00e8ncies en comoditat i durabilitat<\/strong><\/span><\/h2><p><span style=\"color: #7a7a7a;\">La comoditat i la durabilitat s\u00f3n essencials al mobiliari comercial, especialment per a exteriors. Balliu combina aquests dos aspectes en tots els seus productes, utilitzant materials com l&#8217;alumini recobert en pols i televisors d&#8217;alt rendiment que ressisteixen tant l&#8217;\u00fas intensiu com les condicions meteorol\u00f2giques adverses. Aquests materials garanteixen que el mobiliari comercial exterior mantingui l&#8217;aparen\u00e7a i el confort al llarg del temps, reduint la necessitat de reposici\u00f3 i manteniment freq\u00fcent, cosa que resulta ideal per a negocis d&#8217;alt tr\u00e0nsit com hotels i restaurants.  <\/span><\/p><h2 style=\"text-align: center;\"><span style=\"color: #006eb7;\"><strong>Tend\u00e8ncies en est\u00e8tica natural<\/strong><\/span><\/h2><p><span style=\"color: #7a7a7a;\">L&#8217; <span style=\"color: #006eb7;\">est\u00e8tica natural<\/span> est\u00e0 guanyant popularitat, amb dissenys que busquen integrar el mobiliari amb l&#8217;entorn. Balliu segueix aquesta tend\u00e8ncia utilitzant materials que imiten la fusta, la pedra i altres elements naturals, creant ambients exteriors que conviden a la relaxaci\u00f3 i s&#8217;integren harmoniosament amb el paisatge. A m\u00e9s, la combinaci\u00f3 d&#8217; aquests materials amb dissenys moderns permet als negocis oferir un ambient contemporani i acollidor als seus clients.  <\/span><\/p>\t\t\t\t\t\t<\/div>\n\t\t\t\t<\/div>\n\t\t\t\t\t<\/div>\n\t\t\t\t<\/div>\n\t\t<div class=\"elementor-element elementor-element-c1bb299 e-flex e-con-boxed kitify-col-width-auto-no ignore-docs-style-no kitify-disable-relative-no e-root-container elementor-top-section e-con e-parent\" data-id=\"c1bb299\" data-element_type=\"container\">\n\t\t\t\t\t<div class=\"e-con-inner\">\n\t\t\t\t<div class=\"elementor-element elementor-element-fc5c720 elementor-widget elementor-widget-image\" data-id=\"fc5c720\" data-element_type=\"widget\" data-widget_type=\"image.default\">\n\t\t\t\t<div class=\"elementor-widget-container\">\n\t\t\t\t\t\t\t\t\t\t<figure class=\"wp-caption\">\n\t\t\t\t\t\t\t\t\t\t<img loading=\"lazy\" decoding=\"async\" width=\"1024\" height=\"756\" src=\"https:\/\/www.balliuexport.com\/wp-content\/uploads\/2020\/01\/753-BRISTOL-1024x756.jpg\" class=\"attachment-large size-large wp-image-5744\" alt=\"S&#039;observen dues mini gandules amb estructura de fusta i teixit de color blanc, les mini gandules es veuen en un jard\u00ed al costat d&#039;una piscina\" srcset=\"https:\/\/www.balliuexport.com\/wp-content\/uploads\/2020\/01\/753-BRISTOL-1024x756.jpg 1024w, https:\/\/www.balliuexport.com\/wp-content\/uploads\/2020\/01\/753-BRISTOL-400x295.jpg 400w, https:\/\/www.balliuexport.com\/wp-content\/uploads\/2020\/01\/753-BRISTOL-1000x738.jpg 1000w, https:\/\/www.balliuexport.com\/wp-content\/uploads\/2020\/01\/753-BRISTOL-300x222.jpg 300w, https:\/\/www.balliuexport.com\/wp-content\/uploads\/2020\/01\/753-BRISTOL-768x567.jpg 768w, https:\/\/www.balliuexport.com\/wp-content\/uploads\/2020\/01\/753-BRISTOL.jpg 1105w\" sizes=\"auto, (max-width: 1024px) 100vw, 1024px\" \/>\t\t\t\t\t\t\t\t\t\t\t<figcaption class=\"widget-image-caption wp-caption-text\">Mini gandula Bristol<\/figcaption>\n\t\t\t\t\t\t\t\t\t\t<\/figure>\n\t\t\t\t\t\t\t<\/div>\n\t\t\t\t<\/div>\n\t\t\t\t<div class=\"elementor-element elementor-element-b1a065b elementor-widget elementor-widget-spacer\" data-id=\"b1a065b\" data-element_type=\"widget\" data-widget_type=\"spacer.default\">\n\t\t\t\t<div class=\"elementor-widget-container\">\n\t\t\t\t\t<div class=\"elementor-spacer\">\n\t\t\t<div class=\"elementor-spacer-inner\"><\/div>\n\t\t<\/div>\n\t\t\t\t<\/div>\n\t\t\t\t<\/div>\n\t\t\t\t\t<\/div>\n\t\t\t\t<\/div>\n\t\t\t\t<\/div>\n\t\t","protected":false},"excerpt":{"rendered":"<p>Tend\u00e8ncies en personalitzaci\u00f3 Les tend\u00e8ncies en mobiliari comercial exterior reflecteixen la creixent import\u00e0ncia de la personalitzaci\u00f3. Avui dia, els negocis busquen que el seu mobiliari exterior no nom\u00e9s sigui funcional, sin\u00f3 que tamb\u00e9 en reforci la identitat de marca. En aquest sentit, Balliu s&#8217;adapta oferint solucions que permeten personalitzar certs elements del mobiliari, com ara colors, acabats i la inclusi\u00f3\u2026<\/p>\n","protected":false},"author":1259,"featured_media":42665,"comment_status":"closed","ping_status":"closed","sticky":false,"template":"","format":"standard","meta":{"_acf_changed":false,"footnotes":""},"categories":[434],"tags":[],"class_list":["post-42668","post","type-post","status-publish","format-standard","has-post-thumbnail","hentry","category-novedades"],"acf":[],"_links":{"self":[{"href":"https:\/\/www.balliuexport.com\/ca\/wp-json\/wp\/v2\/posts\/42668","targetHints":{"allow":["GET"]}}],"collection":[{"href":"https:\/\/www.balliuexport.com\/ca\/wp-json\/wp\/v2\/posts"}],"about":[{"href":"https:\/\/www.balliuexport.com\/ca\/wp-json\/wp\/v2\/types\/post"}],"author":[{"embeddable":true,"href":"https:\/\/www.balliuexport.com\/ca\/wp-json\/wp\/v2\/users\/1259"}],"replies":[{"embeddable":true,"href":"https:\/\/www.balliuexport.com\/ca\/wp-json\/wp\/v2\/comments?post=42668"}],"version-history":[{"count":8,"href":"https:\/\/www.balliuexport.com\/ca\/wp-json\/wp\/v2\/posts\/42668\/revisions"}],"predecessor-version":[{"id":73518,"href":"https:\/\/www.balliuexport.com\/ca\/wp-json\/wp\/v2\/posts\/42668\/revisions\/73518"}],"wp:featuredmedia":[{"embeddable":true,"href":"https:\/\/www.balliuexport.com\/ca\/wp-json\/wp\/v2\/media\/42665"}],"wp:attachment":[{"href":"https:\/\/www.balliuexport.com\/ca\/wp-json\/wp\/v2\/media?parent=42668"}],"wp:term":[{"taxonomy":"category","embeddable":true,"href":"https:\/\/www.balliuexport.com\/ca\/wp-json\/wp\/v2\/categories?post=42668"},{"taxonomy":"post_tag","embeddable":true,"href":"https:\/\/www.balliuexport.com\/ca\/wp-json\/wp\/v2\/tags?post=42668"}],"curies":[{"name":"wp","href":"https:\/\/api.w.org\/{rel}","templated":true}]}}